{"id":3580,"date":"2017-07-11T14:00:49","date_gmt":"2017-07-11T12:00:49","guid":{"rendered":"https:\/\/wiltell.ch\/wilhelm-tell\/"},"modified":"2020-08-10T14:42:25","modified_gmt":"2020-08-10T12:42:25","slug":"wilhelm-tell","status":"publish","type":"post","link":"https:\/\/wiltell.ch\/de\/wilhelm-tell\/","title":{"rendered":"Wilhelm Tell"},"content":{"rendered":"<h4>UNM\u00d6GLICH IST NICHT SCHWEIZERISCH<b><img decoding=\"async\" class=\"size-medium wp-image-1763 alignright\" src=\"https:\/\/wiltell.ch\/wp-content\/uploads\/2017\/07\/WTSTATUE-220x300.jpg\" alt=\"\" width=\"220\" height=\"300\" srcset=\"https:\/\/wiltell.ch\/wp-content\/uploads\/2017\/07\/WTSTATUE-220x300.jpg 220w, https:\/\/wiltell.ch\/wp-content\/uploads\/2017\/07\/WTSTATUE-500x682.jpg 500w, https:\/\/wiltell.ch\/wp-content\/uploads\/2017\/07\/WTSTATUE-768x1048.jpg 768w, https:\/\/wiltell.ch\/wp-content\/uploads\/2017\/07\/WTSTATUE-750x1024.jpg 750w, https:\/\/wiltell.ch\/wp-content\/uploads\/2017\/07\/WTSTATUE-1080x1474.jpg 1080w, https:\/\/wiltell.ch\/wp-content\/uploads\/2017\/07\/WTSTATUE.jpg 1417w\" sizes=\"(max-width: 220px) 100vw, 220px\" \/><\/b><\/h4>\n<p><b>Wilhelm Tell<\/b> ist unser Schweizer National-Held. Wir verdanken dieser wahrscheinlich legend\u00e4ren Figur die Unabh\u00e4ngigkeit. Angeblich hat er im Kanton Uri am Ufer des Vierwaldst\u00e4ttersees gelebt.<\/p>\n<p>Hermann Gessler, der kaiserliche Landvogt von Schwytz und Uri, im Dienste der Habsburger, versucht seine Macht zu verst\u00e4rken. Er errichtet einen Mast und setzt seinen Hut darauf. Er verlangt, dass die Leute ihn begr\u00fcssen als sei er tats\u00e4chlich anwesend. Wilhelm Tell verweigert den Gruss. Gessler verurteilt dann Wilhelm Tell mit der Armbrust auf einen Apfel auf dem Kopf seines Sohnes Walter zu schiessen. Sp\u00e4ter t\u00f6tet Tell Hermann Gessler in der Hohlen Gasse bei K\u00fcssnacht.<\/p>\n<p>Die Geschichte f\u00fchrte zu vielen historischen Kontroversen \u00fcber ihre Echtheit. Heute gilt diese eher als eine Sage.<\/p>\n<p>Ob Wilhelm Tell eine legend\u00e4re Figur ist \u2013 oder nicht, verk\u00f6rpert er immer noch den Schweizer Geist, die Beharrlichkeit, dem helvetischen Willen ein starkes Ideal zu schmieden.<\/p>\n<p>Aus diesem Grund dachten wir an diese historische Schweizer Figur \u201epar excellence\u201c als patriotisches Symbol. Die Marke Wiltell wurde in die Nizza-Klassifikation 14, 18 und 25 eingetragen. Was gibt es noch mehr dazu zu sagen, der Designer dieser Uhr hat einige Beziehungen zu der Gegend. Sein Grossvater m\u00fctterlicherseits lebte am Vierwaldst\u00e4ttersee, Geburtsort und Heimat von Wilhelm Tell. So ist der Kreis geschlossen.<\/p>\n","protected":false},"excerpt":{"rendered":"<p>UNM\u00d6GLICH IST NICHT SCHWEIZERISCH Wilhelm Tell ist unser Schweizer National-Held. Wir verdanken dieser wahrscheinlich legend\u00e4ren Figur die Unabh\u00e4ngigkeit. Angeblich hat er im Kanton Uri am Ufer des Vierwaldst\u00e4ttersees gelebt. Hermann Gessler, der kaiserliche Landvogt von Schwytz und Uri, im Dienste der Habsburger, versucht seine Macht zu verst\u00e4rken. Er errichtet einen Mast und setzt seinen Hut [&hellip;]<\/p>\n","protected":false},"author":1,"featured_media":0,"comment_status":"open","ping_status":"open","sticky":false,"template":"","format":"standard","meta":{"_et_pb_use_builder":"off","_et_pb_old_content":"","_et_gb_content_width":"1117","footnotes":""},"categories":[],"tags":[],"class_list":["post-3580","post","type-post","status-publish","format-standard","hentry"],"yoast_head":"<!-- This site is optimized with the Yoast SEO plugin v27.4 - https:\/\/yoast.com\/product\/yoast-seo-wordpress\/ -->\n<title>Wilhelm Tell - La Montre WilTell<\/title>\n<meta name=\"description\" content=\"D\u00e9couvrez les origines de l&#039;entreprise \u00e0 travers la l\u00e9gende de Wilhelm Tell qui incarne encore aujourd\u2019hui l\u2019esprit suisse de combativit\u00e9 et de volont\u00e9.\" \/>\n<meta name=\"robots\" content=\"index, follow, max-snippet:-1, max-image-preview:large, max-video-preview:-1\" \/>\n<link rel=\"canonical\" href=\"https:\/\/wiltell.ch\/de\/wilhelm-tell\/\" \/>\n<meta property=\"og:locale\" content=\"de_DE\" \/>\n<meta property=\"og:type\" content=\"article\" \/>\n<meta property=\"og:title\" content=\"Wilhelm Tell - La Montre WilTell\" \/>\n<meta property=\"og:description\" content=\"D\u00e9couvrez les origines de l&#039;entreprise \u00e0 travers la l\u00e9gende de Wilhelm Tell qui incarne encore aujourd\u2019hui l\u2019esprit suisse de combativit\u00e9 et de volont\u00e9.\" \/>\n<meta property=\"og:url\" content=\"https:\/\/wiltell.ch\/de\/wilhelm-tell\/\" \/>\n<meta property=\"og:site_name\" content=\"La Montre WilTell\" \/>\n<meta property=\"article:publisher\" content=\"https:\/\/www.facebook.com\/lamontresuisse\/\" \/>\n<meta property=\"article:published_time\" content=\"2017-07-11T12:00:49+00:00\" \/>\n<meta property=\"article:modified_time\" content=\"2020-08-10T12:42:25+00:00\" \/>\n<meta property=\"og:image\" content=\"https:\/\/wiltell.ch\/wp-content\/uploads\/2017\/07\/WTSTATUE-220x300.jpg\" \/>\n<meta name=\"author\" content=\"eddy\" \/>\n<meta name=\"twitter:card\" content=\"summary_large_image\" \/>\n<meta name=\"twitter:creator\" content=\"@EddyBurgener\" \/>\n<meta name=\"twitter:site\" content=\"@EddyBurgener\" \/>\n<meta name=\"twitter:label1\" content=\"Verfasst von\" \/>\n\t<meta name=\"twitter:data1\" content=\"eddy\" \/>\n\t<meta name=\"twitter:label2\" content=\"Gesch\u00e4tzte Lesezeit\" \/>\n\t<meta name=\"twitter:data2\" content=\"1\u00a0Minute\" \/>\n<script type=\"application\/ld+json\" class=\"yoast-schema-graph\">{\"@context\":\"https:\\\/\\\/schema.org\",\"@graph\":[{\"@type\":\"Article\",\"@id\":\"https:\\\/\\\/wiltell.ch\\\/de\\\/wilhelm-tell\\\/#article\",\"isPartOf\":{\"@id\":\"https:\\\/\\\/wiltell.ch\\\/de\\\/wilhelm-tell\\\/\"},\"author\":{\"name\":\"eddy\",\"@id\":\"https:\\\/\\\/wiltell.ch\\\/en\\\/#\\\/schema\\\/person\\\/f9db160a686e54bff5ce57d48b0f129b\"},\"headline\":\"Wilhelm Tell\",\"datePublished\":\"2017-07-11T12:00:49+00:00\",\"dateModified\":\"2020-08-10T12:42:25+00:00\",\"mainEntityOfPage\":{\"@id\":\"https:\\\/\\\/wiltell.ch\\\/de\\\/wilhelm-tell\\\/\"},\"wordCount\":222,\"commentCount\":1,\"publisher\":{\"@id\":\"https:\\\/\\\/wiltell.ch\\\/en\\\/#organization\"},\"image\":{\"@id\":\"https:\\\/\\\/wiltell.ch\\\/de\\\/wilhelm-tell\\\/#primaryimage\"},\"thumbnailUrl\":\"https:\\\/\\\/wiltell.ch\\\/wp-content\\\/uploads\\\/2017\\\/07\\\/WTSTATUE-220x300.jpg\",\"inLanguage\":\"de\",\"potentialAction\":[{\"@type\":\"CommentAction\",\"name\":\"Comment\",\"target\":[\"https:\\\/\\\/wiltell.ch\\\/de\\\/wilhelm-tell\\\/#respond\"]}]},{\"@type\":\"WebPage\",\"@id\":\"https:\\\/\\\/wiltell.ch\\\/de\\\/wilhelm-tell\\\/\",\"url\":\"https:\\\/\\\/wiltell.ch\\\/de\\\/wilhelm-tell\\\/\",\"name\":\"Wilhelm Tell - La Montre WilTell\",\"isPartOf\":{\"@id\":\"https:\\\/\\\/wiltell.ch\\\/en\\\/#website\"},\"primaryImageOfPage\":{\"@id\":\"https:\\\/\\\/wiltell.ch\\\/de\\\/wilhelm-tell\\\/#primaryimage\"},\"image\":{\"@id\":\"https:\\\/\\\/wiltell.ch\\\/de\\\/wilhelm-tell\\\/#primaryimage\"},\"thumbnailUrl\":\"https:\\\/\\\/wiltell.ch\\\/wp-content\\\/uploads\\\/2017\\\/07\\\/WTSTATUE-220x300.jpg\",\"datePublished\":\"2017-07-11T12:00:49+00:00\",\"dateModified\":\"2020-08-10T12:42:25+00:00\",\"description\":\"D\u00e9couvrez les origines de l'entreprise \u00e0 travers la l\u00e9gende de Wilhelm Tell qui incarne encore aujourd\u2019hui l\u2019esprit suisse de combativit\u00e9 et de volont\u00e9.\",\"breadcrumb\":{\"@id\":\"https:\\\/\\\/wiltell.ch\\\/de\\\/wilhelm-tell\\\/#breadcrumb\"},\"inLanguage\":\"de\",\"potentialAction\":[{\"@type\":\"ReadAction\",\"target\":[\"https:\\\/\\\/wiltell.ch\\\/de\\\/wilhelm-tell\\\/\"]}]},{\"@type\":\"ImageObject\",\"inLanguage\":\"de\",\"@id\":\"https:\\\/\\\/wiltell.ch\\\/de\\\/wilhelm-tell\\\/#primaryimage\",\"url\":\"https:\\\/\\\/wiltell.ch\\\/wp-content\\\/uploads\\\/2017\\\/07\\\/WTSTATUE-220x300.jpg\",\"contentUrl\":\"https:\\\/\\\/wiltell.ch\\\/wp-content\\\/uploads\\\/2017\\\/07\\\/WTSTATUE-220x300.jpg\"},{\"@type\":\"BreadcrumbList\",\"@id\":\"https:\\\/\\\/wiltell.ch\\\/de\\\/wilhelm-tell\\\/#breadcrumb\",\"itemListElement\":[{\"@type\":\"ListItem\",\"position\":1,\"name\":\"Accueil\",\"item\":\"https:\\\/\\\/wiltell.ch\\\/de\\\/\"},{\"@type\":\"ListItem\",\"position\":2,\"name\":\"Wilhelm Tell\"}]},{\"@type\":\"WebSite\",\"@id\":\"https:\\\/\\\/wiltell.ch\\\/en\\\/#website\",\"url\":\"https:\\\/\\\/wiltell.ch\\\/en\\\/\",\"name\":\"La Montre WilTell\",\"description\":\"100% produite en Suisse et \u00e9co-responsable\",\"publisher\":{\"@id\":\"https:\\\/\\\/wiltell.ch\\\/en\\\/#organization\"},\"potentialAction\":[{\"@type\":\"SearchAction\",\"target\":{\"@type\":\"EntryPoint\",\"urlTemplate\":\"https:\\\/\\\/wiltell.ch\\\/en\\\/?s={search_term_string}\"},\"query-input\":{\"@type\":\"PropertyValueSpecification\",\"valueRequired\":true,\"valueName\":\"search_term_string\"}}],\"inLanguage\":\"de\"},{\"@type\":\"Organization\",\"@id\":\"https:\\\/\\\/wiltell.ch\\\/en\\\/#organization\",\"name\":\"WilTell S\u00e0rl\",\"url\":\"https:\\\/\\\/wiltell.ch\\\/en\\\/\",\"logo\":{\"@type\":\"ImageObject\",\"inLanguage\":\"de\",\"@id\":\"https:\\\/\\\/wiltell.ch\\\/en\\\/#\\\/schema\\\/logo\\\/image\\\/\",\"url\":\"https:\\\/\\\/i0.wp.com\\\/wiltell.ch\\\/wp-content\\\/uploads\\\/2017\\\/12\\\/WILTELL-LOGO-2-1.jpg?fit=397%2C397&ssl=1\",\"contentUrl\":\"https:\\\/\\\/i0.wp.com\\\/wiltell.ch\\\/wp-content\\\/uploads\\\/2017\\\/12\\\/WILTELL-LOGO-2-1.jpg?fit=397%2C397&ssl=1\",\"width\":397,\"height\":397,\"caption\":\"WilTell S\u00e0rl\"},\"image\":{\"@id\":\"https:\\\/\\\/wiltell.ch\\\/en\\\/#\\\/schema\\\/logo\\\/image\\\/\"},\"sameAs\":[\"https:\\\/\\\/www.facebook.com\\\/lamontresuisse\\\/\",\"https:\\\/\\\/x.com\\\/EddyBurgener\",\"http:\\\/\\\/wiltellwatch\",\"http:\\\/\\\/linkedin.com\\\/in\\\/eddy-burgener-00b90269\",\"https:\\\/\\\/www.youtube.com\\\/channel\\\/UCIc9daFBAg8dxVERsIQl5eA\"]},{\"@type\":\"Person\",\"@id\":\"https:\\\/\\\/wiltell.ch\\\/en\\\/#\\\/schema\\\/person\\\/f9db160a686e54bff5ce57d48b0f129b\",\"name\":\"eddy\",\"image\":{\"@type\":\"ImageObject\",\"inLanguage\":\"de\",\"@id\":\"https:\\\/\\\/secure.gravatar.com\\\/avatar\\\/96ffa78d8b1a1d6a0eb0cce9eb533aa93851ecd82881682b43b1e5ffd86b951e?s=96&d=mm&r=g\",\"url\":\"https:\\\/\\\/secure.gravatar.com\\\/avatar\\\/96ffa78d8b1a1d6a0eb0cce9eb533aa93851ecd82881682b43b1e5ffd86b951e?s=96&d=mm&r=g\",\"contentUrl\":\"https:\\\/\\\/secure.gravatar.com\\\/avatar\\\/96ffa78d8b1a1d6a0eb0cce9eb533aa93851ecd82881682b43b1e5ffd86b951e?s=96&d=mm&r=g\",\"caption\":\"eddy\"},\"sameAs\":[\"https:\\\/\\\/wiltell.ch\"],\"url\":\"https:\\\/\\\/wiltell.ch\\\/de\\\/author\\\/eddy\\\/\"}]}<\/script>\n<!-- \/ Yoast SEO plugin. -->","yoast_head_json":{"title":"Wilhelm Tell - La Montre WilTell","description":"D\u00e9couvrez les origines de l'entreprise \u00e0 travers la l\u00e9gende de Wilhelm Tell qui incarne encore aujourd\u2019hui l\u2019esprit suisse de combativit\u00e9 et de volont\u00e9.","robots":{"index":"index","follow":"follow","max-snippet":"max-snippet:-1","max-image-preview":"max-image-preview:large","max-video-preview":"max-video-preview:-1"},"canonical":"https:\/\/wiltell.ch\/de\/wilhelm-tell\/","og_locale":"de_DE","og_type":"article","og_title":"Wilhelm Tell - La Montre WilTell","og_description":"D\u00e9couvrez les origines de l'entreprise \u00e0 travers la l\u00e9gende de Wilhelm Tell qui incarne encore aujourd\u2019hui l\u2019esprit suisse de combativit\u00e9 et de volont\u00e9.","og_url":"https:\/\/wiltell.ch\/de\/wilhelm-tell\/","og_site_name":"La Montre WilTell","article_publisher":"https:\/\/www.facebook.com\/lamontresuisse\/","article_published_time":"2017-07-11T12:00:49+00:00","article_modified_time":"2020-08-10T12:42:25+00:00","og_image":[{"url":"https:\/\/wiltell.ch\/wp-content\/uploads\/2017\/07\/WTSTATUE-220x300.jpg","type":"","width":"","height":""}],"author":"eddy","twitter_card":"summary_large_image","twitter_creator":"@EddyBurgener","twitter_site":"@EddyBurgener","twitter_misc":{"Verfasst von":"eddy","Gesch\u00e4tzte Lesezeit":"1\u00a0Minute"},"schema":{"@context":"https:\/\/schema.org","@graph":[{"@type":"Article","@id":"https:\/\/wiltell.ch\/de\/wilhelm-tell\/#article","isPartOf":{"@id":"https:\/\/wiltell.ch\/de\/wilhelm-tell\/"},"author":{"name":"eddy","@id":"https:\/\/wiltell.ch\/en\/#\/schema\/person\/f9db160a686e54bff5ce57d48b0f129b"},"headline":"Wilhelm Tell","datePublished":"2017-07-11T12:00:49+00:00","dateModified":"2020-08-10T12:42:25+00:00","mainEntityOfPage":{"@id":"https:\/\/wiltell.ch\/de\/wilhelm-tell\/"},"wordCount":222,"commentCount":1,"publisher":{"@id":"https:\/\/wiltell.ch\/en\/#organization"},"image":{"@id":"https:\/\/wiltell.ch\/de\/wilhelm-tell\/#primaryimage"},"thumbnailUrl":"https:\/\/wiltell.ch\/wp-content\/uploads\/2017\/07\/WTSTATUE-220x300.jpg","inLanguage":"de","potentialAction":[{"@type":"CommentAction","name":"Comment","target":["https:\/\/wiltell.ch\/de\/wilhelm-tell\/#respond"]}]},{"@type":"WebPage","@id":"https:\/\/wiltell.ch\/de\/wilhelm-tell\/","url":"https:\/\/wiltell.ch\/de\/wilhelm-tell\/","name":"Wilhelm Tell - La Montre WilTell","isPartOf":{"@id":"https:\/\/wiltell.ch\/en\/#website"},"primaryImageOfPage":{"@id":"https:\/\/wiltell.ch\/de\/wilhelm-tell\/#primaryimage"},"image":{"@id":"https:\/\/wiltell.ch\/de\/wilhelm-tell\/#primaryimage"},"thumbnailUrl":"https:\/\/wiltell.ch\/wp-content\/uploads\/2017\/07\/WTSTATUE-220x300.jpg","datePublished":"2017-07-11T12:00:49+00:00","dateModified":"2020-08-10T12:42:25+00:00","description":"D\u00e9couvrez les origines de l'entreprise \u00e0 travers la l\u00e9gende de Wilhelm Tell qui incarne encore aujourd\u2019hui l\u2019esprit suisse de combativit\u00e9 et de volont\u00e9.","breadcrumb":{"@id":"https:\/\/wiltell.ch\/de\/wilhelm-tell\/#breadcrumb"},"inLanguage":"de","potentialAction":[{"@type":"ReadAction","target":["https:\/\/wiltell.ch\/de\/wilhelm-tell\/"]}]},{"@type":"ImageObject","inLanguage":"de","@id":"https:\/\/wiltell.ch\/de\/wilhelm-tell\/#primaryimage","url":"https:\/\/wiltell.ch\/wp-content\/uploads\/2017\/07\/WTSTATUE-220x300.jpg","contentUrl":"https:\/\/wiltell.ch\/wp-content\/uploads\/2017\/07\/WTSTATUE-220x300.jpg"},{"@type":"BreadcrumbList","@id":"https:\/\/wiltell.ch\/de\/wilhelm-tell\/#breadcrumb","itemListElement":[{"@type":"ListItem","position":1,"name":"Accueil","item":"https:\/\/wiltell.ch\/de\/"},{"@type":"ListItem","position":2,"name":"Wilhelm Tell"}]},{"@type":"WebSite","@id":"https:\/\/wiltell.ch\/en\/#website","url":"https:\/\/wiltell.ch\/en\/","name":"La Montre WilTell","description":"100% produite en Suisse et \u00e9co-responsable","publisher":{"@id":"https:\/\/wiltell.ch\/en\/#organization"},"potentialAction":[{"@type":"SearchAction","target":{"@type":"EntryPoint","urlTemplate":"https:\/\/wiltell.ch\/en\/?s={search_term_string}"},"query-input":{"@type":"PropertyValueSpecification","valueRequired":true,"valueName":"search_term_string"}}],"inLanguage":"de"},{"@type":"Organization","@id":"https:\/\/wiltell.ch\/en\/#organization","name":"WilTell S\u00e0rl","url":"https:\/\/wiltell.ch\/en\/","logo":{"@type":"ImageObject","inLanguage":"de","@id":"https:\/\/wiltell.ch\/en\/#\/schema\/logo\/image\/","url":"https:\/\/i0.wp.com\/wiltell.ch\/wp-content\/uploads\/2017\/12\/WILTELL-LOGO-2-1.jpg?fit=397%2C397&ssl=1","contentUrl":"https:\/\/i0.wp.com\/wiltell.ch\/wp-content\/uploads\/2017\/12\/WILTELL-LOGO-2-1.jpg?fit=397%2C397&ssl=1","width":397,"height":397,"caption":"WilTell S\u00e0rl"},"image":{"@id":"https:\/\/wiltell.ch\/en\/#\/schema\/logo\/image\/"},"sameAs":["https:\/\/www.facebook.com\/lamontresuisse\/","https:\/\/x.com\/EddyBurgener","http:\/\/wiltellwatch","http:\/\/linkedin.com\/in\/eddy-burgener-00b90269","https:\/\/www.youtube.com\/channel\/UCIc9daFBAg8dxVERsIQl5eA"]},{"@type":"Person","@id":"https:\/\/wiltell.ch\/en\/#\/schema\/person\/f9db160a686e54bff5ce57d48b0f129b","name":"eddy","image":{"@type":"ImageObject","inLanguage":"de","@id":"https:\/\/secure.gravatar.com\/avatar\/96ffa78d8b1a1d6a0eb0cce9eb533aa93851ecd82881682b43b1e5ffd86b951e?s=96&d=mm&r=g","url":"https:\/\/secure.gravatar.com\/avatar\/96ffa78d8b1a1d6a0eb0cce9eb533aa93851ecd82881682b43b1e5ffd86b951e?s=96&d=mm&r=g","contentUrl":"https:\/\/secure.gravatar.com\/avatar\/96ffa78d8b1a1d6a0eb0cce9eb533aa93851ecd82881682b43b1e5ffd86b951e?s=96&d=mm&r=g","caption":"eddy"},"sameAs":["https:\/\/wiltell.ch"],"url":"https:\/\/wiltell.ch\/de\/author\/eddy\/"}]}},"_links":{"self":[{"href":"https:\/\/wiltell.ch\/de\/wp-json\/wp\/v2\/posts\/3580","targetHints":{"allow":["GET"]}}],"collection":[{"href":"https:\/\/wiltell.ch\/de\/wp-json\/wp\/v2\/posts"}],"about":[{"href":"https:\/\/wiltell.ch\/de\/wp-json\/wp\/v2\/types\/post"}],"author":[{"embeddable":true,"href":"https:\/\/wiltell.ch\/de\/wp-json\/wp\/v2\/users\/1"}],"replies":[{"embeddable":true,"href":"https:\/\/wiltell.ch\/de\/wp-json\/wp\/v2\/comments?post=3580"}],"version-history":[{"count":1,"href":"https:\/\/wiltell.ch\/de\/wp-json\/wp\/v2\/posts\/3580\/revisions"}],"predecessor-version":[{"id":3583,"href":"https:\/\/wiltell.ch\/de\/wp-json\/wp\/v2\/posts\/3580\/revisions\/3583"}],"wp:attachment":[{"href":"https:\/\/wiltell.ch\/de\/wp-json\/wp\/v2\/media?parent=3580"}],"wp:term":[{"taxonomy":"category","embeddable":true,"href":"https:\/\/wiltell.ch\/de\/wp-json\/wp\/v2\/categories?post=3580"},{"taxonomy":"post_tag","embeddable":true,"href":"https:\/\/wiltell.ch\/de\/wp-json\/wp\/v2\/tags?post=3580"}],"curies":[{"name":"wp","href":"https:\/\/api.w.org\/{rel}","templated":true}]}}